{"id":17647,"date":"2024-06-03T11:48:20","date_gmt":"2024-06-03T11:48:20","guid":{"rendered":"https:\/\/voyagerr.com\/hur-kan-vi-minska-koldioxidutslappen-i-vara-stader\/"},"modified":"2025-03-19T13:48:22","modified_gmt":"2025-03-19T13:48:22","slug":"hur-kan-vi-minska-koldioxidutslappen-i-vara-stader","status":"publish","type":"post","link":"https:\/\/voyagerr.com\/sv\/hur-kan-vi-minska-koldioxidutslappen-i-vara-stader\/","title":{"rendered":"Hur kan vi minska koldioxidutsl\u00e4ppen i v\u00e5ra st\u00e4der?"},"content":{"rendered":"<p><div class=\"fusion-fullwidth fullwidth-box fusion-builder-row-1 fusion-flex-container has-pattern-background has-mask-background nonhundred-percent-fullwidth non-hundred-percent-height-scrolling\" style=\"--awb-border-radius-top-left:0px;--awb-border-radius-top-right:0px;--awb-border-radius-bottom-right:0px;--awb-border-radius-bottom-left:0px;--awb-flex-wrap:wrap;\" ><div class=\"fusion-builder-row fusion-row fusion-flex-align-items-flex-start fusion-flex-content-wrap\" style=\"max-width:1248px;margin-left: calc(-4% \/ 2 );margin-right: calc(-4% \/ 2 );\"><div class=\"fusion-layout-column fusion_builder_column fusion-builder-column-0 fusion_builder_column_3_4 3_4 fusion-flex-column\" style=\"--awb-bg-size:cover;--awb-width-large:75%;--awb-margin-top-large:0px;--awb-spacing-right-large:2.56%;--awb-margin-bottom-large:20px;--awb-spacing-left-large:2.56%;--awb-width-medium:75%;--awb-order-medium:0;--awb-spacing-right-medium:2.56%;--awb-spacing-left-medium:2.56%;--awb-width-small:100%;--awb-order-small:0;--awb-spacing-right-small:1.92%;--awb-spacing-left-small:1.92%;\" data-scroll-devices=\"small-visibility,medium-visibility,large-visibility\"><div class=\"fusion-column-wrapper fusion-column-has-shadow fusion-flex-justify-content-flex-start fusion-content-layout-column\"><div class=\"fusion-separator fusion-full-width-sep\" style=\"align-self: center;margin-left: auto;margin-right: auto;margin-top:80px;width:100%;\"><\/div><div class=\"fusion-text fusion-text-1\" style=\"--awb-font-size:var(--awb-typography2-font-size);--awb-line-height:var(--awb-typography2-line-height);--awb-letter-spacing:var(--awb-typography2-letter-spacing);--awb-text-transform:var(--awb-typography2-text-transform);--awb-text-font-family:var(--awb-typography2-font-family);--awb-text-font-weight:var(--awb-typography2-font-weight);--awb-text-font-style:var(--awb-typography2-font-style);\"><p>Hur kan vi minska koldioxidutsl\u00e4ppen i v\u00e5ra st\u00e4der?<\/p>\n<\/div><\/div><\/div><\/div><\/div><div class=\"fusion-fullwidth fullwidth-box fusion-builder-row-2 fusion-flex-container has-pattern-background has-mask-background nonhundred-percent-fullwidth non-hundred-percent-height-scrolling\" style=\"--awb-border-radius-top-left:0px;--awb-border-radius-top-right:0px;--awb-border-radius-bottom-right:0px;--awb-border-radius-bottom-left:0px;--awb-background-color:rgba(220,229,233,0);--awb-flex-wrap:wrap;\" ><div class=\"fusion-builder-row fusion-row fusion-flex-align-items-flex-start fusion-flex-content-wrap\" style=\"max-width:1248px;margin-left: calc(-4% \/ 2 );margin-right: calc(-4% \/ 2 );\"><div class=\"fusion-layout-column fusion_builder_column fusion-builder-column-1 fusion_builder_column_3_4 3_4 fusion-flex-column\" style=\"--awb-bg-size:cover;--awb-width-large:75%;--awb-margin-top-large:0px;--awb-spacing-right-large:2.56%;--awb-margin-bottom-large:20px;--awb-spacing-left-large:2.56%;--awb-width-medium:75%;--awb-order-medium:0;--awb-spacing-right-medium:2.56%;--awb-spacing-left-medium:2.56%;--awb-width-small:100%;--awb-order-small:0;--awb-spacing-right-small:1.92%;--awb-spacing-left-small:1.92%;\" data-scroll-devices=\"small-visibility,medium-visibility,large-visibility\"><div class=\"fusion-column-wrapper fusion-column-has-shadow fusion-flex-justify-content-flex-start fusion-content-layout-column\"><div class=\"fusion-text fusion-text-2\"><p>Den globala transportsektorn st\u00e5r f\u00f6r cirka 30% av de globala CO\u2082 utsl\u00e4ppen*. I Europa \u00e4r denna andel cirka 25%**.   <\/p>\n<p>Det \u00e4r d\u00e4rf\u00f6r positivt att se att st\u00e4der b\u00f6rjar anpassa sig till en bredare mobilitetsmix, inklusive anropsstyrd mobilitet, och beaktar behovet av kombinerad mobilitet ***.<\/p>\n<p>N\u00e4r anropsstyrda mobilitetstj\u00e4nster (DRT-tj\u00e4nster) erbjuds \u2013 som d\u00f6rr-till-d\u00f6rr, punkt-till-punkt eller i kombination med linjetrafik \u2013 visar erfarenhet att dessa tj\u00e4nster minskar behovet av privat bil\u00e4gande, vilket potentiellt kan reducera antalet fordon p\u00e5 v\u00e4garna. <\/p>\n<p>F\u00f6rdelarna med detta \u00e4r exempelvis l\u00e4gre koldioxidutsl\u00e4pp, mindre trafikstockningar och gr\u00f6nare stadsmilj\u00f6er.<\/p>\n<\/div><div class=\"fusion-separator fusion-full-width-sep\" style=\"align-self: center;margin-left: auto;margin-right: auto;margin-top:20px;margin-bottom:20px;width:100%;\"><\/div><div class=\"fusion-text fusion-text-3 fusion-text-no-margin\" style=\"--awb-text-transform:none;--awb-text-color:#828282;--awb-margin-top:10px;--awb-margin-right:10px;--awb-margin-bottom:10px;--awb-margin-left:10px;\"><div class=\"video-shortcode\"><iframe class=\"wp-embedded-content\" sandbox=\"allow-scripts\" security=\"restricted\" title=\"Let&#039;s Rethink Urban Mobility Video\" src=\"https:\/\/fast.wistia.net\/embed\/iframe\/mrhnu8gy88?dnt=1#?secret=fKTnNVekor\" data-secret=\"fKTnNVekor\" frameborder=\"0\" scrolling=\"no\" width=\"720\" height=\"720\"><\/iframe><\/div>\n<\/div><div class=\"fusion-separator fusion-full-width-sep\" style=\"align-self: center;margin-left: auto;margin-right: auto;margin-top:20px;margin-bottom:20px;width:100%;\"><\/div><div class=\"fusion-text fusion-text-4\"><p><em>K\u00e4llor:<\/em><\/p>\n<ul>\n<li>*<a href=\"https:\/\/www.irena.org\/Energy-Transition\/Technology\/Transport\" target=\"_blank\" rel=\"noopener\">Transport (irena.org)<\/a><\/li>\n<li>**Deloitte, \u201cMobility: Intelligent, Sustainable &amp; As-a-service\u201c &#8211; <a href=\"https:\/\/www.deloitte.com\/global\/en\/Industries\/government-public\/perspectives\/urban-future-with-a-purpose\/mobility-intelligent-sustainability-and-as-a-service.html\" target=\"_blank\" rel=\"noopener\">https:\/\/www.deloitte.com\/global\/en\/Industries\/government-public\/perspectives\/urban-future-with-a-purpose\/mobility-intelligent-sustainability-and-as-a-service.html<\/a><\/li>\n<\/ul>\n<p>Se \u00e4ven: <a href=\"https:\/\/www.eea.europa.eu\/en\/topics\/in-depth\/transport-and-mobility?activeTab=fa515f0c-9ab0-493c-b4cd-58a32dfaae0a\" target=\"_blank\" rel=\"noopener\">https:\/\/www.eea.europa.eu\/en\/topics\/in-depth\/transport-and-mobility?activeTab=fa515f0c-9ab0-493c-b4cd-58a32dfaae0a<\/a><\/p>\n<ul>\n<li>***<a href=\"https:\/\/www.uitp.org\/news\/shared-mobility-market-today\/\" target=\"_blank\" rel=\"noopener\">https:\/\/www.uitp.org\/news\/shared-mobility-market-today\/<\/a><\/li>\n<\/ul>\n<p><strong>Mer information:<\/strong><\/p>\n<p>Minskade koldioxidutsl\u00e4pp \u00e4r en av flera f\u00f6rdelar med att inf\u00f6ra anropsstyrda mobilitetstj\u00e4nster i st\u00e4der och regioner \u2013 se 10 f\u00f6rdelar h\u00e4r (infografik, PDF):<\/p>\n<ul>\n<li><a href=\"https:\/\/voyagerr.com\/wp-content\/uploads\/2023\/11\/Infographic-from-Voyagerr-ENG-10-Benefits-of-Implementing-On-Demand-Mobility-Services-in-Cities-and-Regions.pdf\" target=\"_blank\" rel=\"noopener\">Ladda ner Infografik (PDF): 10 f\u00f6rdelar med att inf\u00f6ra anropsstyrda mobilitetstj\u00e4nster i st\u00e4der och regioner.<\/a><\/li>\n<\/ul>\n<p>Integration med kollektivtrafik:<\/p>\n<ul>\n<li><a href=\"https:\/\/voyagerr.com\/sv\/drt-system\/systemet-for-anropsstyrd-trafik\/integration-till-den-allmanna-kollektivtrafiken\/\">L\u00e4s mer om Voyagerrs l\u00f6sning f\u00f6r integration med linjetrafik.<\/a><\/li>\n<\/ul>\n<\/div><\/div><\/div><\/div><\/div><\/p>\n","protected":false},"excerpt":{"rendered":"","protected":false},"author":2,"featured_media":16387,"comment_status":"closed","ping_status":"closed","sticky":false,"template":"","format":"standard","meta":{"content-type":"","footnotes":""},"categories":[176],"tags":[],"class_list":["post-17647","post","type-post","status-publish","format-standard","has-post-thumbnail","hentry","category-artiklar"],"yoast_head":"<!-- This site is optimized with the Yoast SEO plugin v27.0 - https:\/\/yoast.com\/product\/yoast-seo-wordpress\/ -->\n<title>Hur kan vi minska koldioxidutsl\u00e4ppen i v\u00e5ra st\u00e4der? - Voyagerr Demand Response<\/title>\n<meta name=\"robots\" content=\"index, follow, max-snippet:-1, max-image-preview:large, max-video-preview:-1\" \/>\n<link rel=\"canonical\" href=\"https:\/\/voyagerr.com\/sv\/hur-kan-vi-minska-koldioxidutslappen-i-vara-stader\/\" \/>\n<meta property=\"og:locale\" content=\"sv_SE\" \/>\n<meta property=\"og:type\" content=\"article\" \/>\n<meta property=\"og:title\" content=\"Hur kan vi minska koldioxidutsl\u00e4ppen i v\u00e5ra st\u00e4der? - Voyagerr Demand Response\" \/>\n<meta property=\"og:url\" content=\"https:\/\/voyagerr.com\/sv\/hur-kan-vi-minska-koldioxidutslappen-i-vara-stader\/\" \/>\n<meta property=\"og:site_name\" content=\"Voyagerr Demand Response\" \/>\n<meta property=\"article:published_time\" content=\"2024-06-03T11:48:20+00:00\" \/>\n<meta property=\"article:modified_time\" content=\"2025-03-19T13:48:22+00:00\" \/>\n<meta property=\"og:image\" content=\"https:\/\/voyagerr.com\/wp-content\/uploads\/2024\/06\/Rethink_urban_mobility.jpg\" \/>\n\t<meta property=\"og:image:width\" content=\"1200\" \/>\n\t<meta property=\"og:image:height\" content=\"800\" \/>\n\t<meta property=\"og:image:type\" content=\"image\/jpeg\" \/>\n<meta name=\"author\" content=\"Ulla Henriksen\" \/>\n<meta name=\"twitter:card\" content=\"summary_large_image\" \/>\n<meta name=\"twitter:label1\" content=\"Skriven av\" \/>\n\t<meta name=\"twitter:data1\" content=\"Ulla Henriksen\" \/>\n\t<meta name=\"twitter:label2\" content=\"Ber\u00e4knad l\u00e4stid\" \/>\n\t<meta name=\"twitter:data2\" content=\"14 minuter\" \/>\n<script type=\"application\/ld+json\" class=\"yoast-schema-graph\">{\"@context\":\"https:\/\/schema.org\",\"@graph\":[{\"@type\":\"Article\",\"@id\":\"https:\/\/voyagerr.com\/sv\/hur-kan-vi-minska-koldioxidutslappen-i-vara-stader\/#article\",\"isPartOf\":{\"@id\":\"https:\/\/voyagerr.com\/sv\/hur-kan-vi-minska-koldioxidutslappen-i-vara-stader\/\"},\"author\":{\"name\":\"Ulla Henriksen\",\"@id\":\"https:\/\/voyagerr.com\/sv\/#\/schema\/person\/eac0317906adac88f53e32dd06a9809a\"},\"headline\":\"Hur kan vi minska koldioxidutsl\u00e4ppen i v\u00e5ra st\u00e4der?\",\"datePublished\":\"2024-06-03T11:48:20+00:00\",\"dateModified\":\"2025-03-19T13:48:22+00:00\",\"mainEntityOfPage\":{\"@id\":\"https:\/\/voyagerr.com\/sv\/hur-kan-vi-minska-koldioxidutslappen-i-vara-stader\/\"},\"wordCount\":2819,\"image\":{\"@id\":\"https:\/\/voyagerr.com\/sv\/hur-kan-vi-minska-koldioxidutslappen-i-vara-stader\/#primaryimage\"},\"thumbnailUrl\":\"https:\/\/voyagerr.com\/wp-content\/uploads\/2024\/06\/Rethink_urban_mobility.jpg\",\"articleSection\":[\"Artiklar\"],\"inLanguage\":\"sv-SE\"},{\"@type\":\"WebPage\",\"@id\":\"https:\/\/voyagerr.com\/sv\/hur-kan-vi-minska-koldioxidutslappen-i-vara-stader\/\",\"url\":\"https:\/\/voyagerr.com\/sv\/hur-kan-vi-minska-koldioxidutslappen-i-vara-stader\/\",\"name\":\"Hur kan vi minska koldioxidutsl\u00e4ppen i v\u00e5ra st\u00e4der? - Voyagerr Demand Response\",\"isPartOf\":{\"@id\":\"https:\/\/voyagerr.com\/sv\/#website\"},\"primaryImageOfPage\":{\"@id\":\"https:\/\/voyagerr.com\/sv\/hur-kan-vi-minska-koldioxidutslappen-i-vara-stader\/#primaryimage\"},\"image\":{\"@id\":\"https:\/\/voyagerr.com\/sv\/hur-kan-vi-minska-koldioxidutslappen-i-vara-stader\/#primaryimage\"},\"thumbnailUrl\":\"https:\/\/voyagerr.com\/wp-content\/uploads\/2024\/06\/Rethink_urban_mobility.jpg\",\"datePublished\":\"2024-06-03T11:48:20+00:00\",\"dateModified\":\"2025-03-19T13:48:22+00:00\",\"author\":{\"@id\":\"https:\/\/voyagerr.com\/sv\/#\/schema\/person\/eac0317906adac88f53e32dd06a9809a\"},\"breadcrumb\":{\"@id\":\"https:\/\/voyagerr.com\/sv\/hur-kan-vi-minska-koldioxidutslappen-i-vara-stader\/#breadcrumb\"},\"inLanguage\":\"sv-SE\",\"potentialAction\":[{\"@type\":\"ReadAction\",\"target\":[\"https:\/\/voyagerr.com\/sv\/hur-kan-vi-minska-koldioxidutslappen-i-vara-stader\/\"]}]},{\"@type\":\"ImageObject\",\"inLanguage\":\"sv-SE\",\"@id\":\"https:\/\/voyagerr.com\/sv\/hur-kan-vi-minska-koldioxidutslappen-i-vara-stader\/#primaryimage\",\"url\":\"https:\/\/voyagerr.com\/wp-content\/uploads\/2024\/06\/Rethink_urban_mobility.jpg\",\"contentUrl\":\"https:\/\/voyagerr.com\/wp-content\/uploads\/2024\/06\/Rethink_urban_mobility.jpg\",\"width\":1200,\"height\":800},{\"@type\":\"BreadcrumbList\",\"@id\":\"https:\/\/voyagerr.com\/sv\/hur-kan-vi-minska-koldioxidutslappen-i-vara-stader\/#breadcrumb\",\"itemListElement\":[{\"@type\":\"ListItem\",\"position\":1,\"name\":\"Home\",\"item\":\"https:\/\/voyagerr.com\/sv\/\"},{\"@type\":\"ListItem\",\"position\":2,\"name\":\"Hur kan vi minska koldioxidutsl\u00e4ppen i v\u00e5ra st\u00e4der?\"}]},{\"@type\":\"WebSite\",\"@id\":\"https:\/\/voyagerr.com\/sv\/#website\",\"url\":\"https:\/\/voyagerr.com\/sv\/\",\"name\":\"Voyagerr Demand Response\",\"description\":\"Making every journey matter\",\"potentialAction\":[{\"@type\":\"SearchAction\",\"target\":{\"@type\":\"EntryPoint\",\"urlTemplate\":\"https:\/\/voyagerr.com\/sv\/?s={search_term_string}\"},\"query-input\":{\"@type\":\"PropertyValueSpecification\",\"valueRequired\":true,\"valueName\":\"search_term_string\"}}],\"inLanguage\":\"sv-SE\"},{\"@type\":\"Person\",\"@id\":\"https:\/\/voyagerr.com\/sv\/#\/schema\/person\/eac0317906adac88f53e32dd06a9809a\",\"name\":\"Ulla Henriksen\",\"image\":{\"@type\":\"ImageObject\",\"inLanguage\":\"sv-SE\",\"@id\":\"https:\/\/voyagerr.com\/sv\/#\/schema\/person\/image\/\",\"url\":\"https:\/\/secure.gravatar.com\/avatar\/73331ae5e15f263f90f638d897d9bd890c8726fbd916b41016493e05238cab37?s=96&d=mm&r=g\",\"contentUrl\":\"https:\/\/secure.gravatar.com\/avatar\/73331ae5e15f263f90f638d897d9bd890c8726fbd916b41016493e05238cab37?s=96&d=mm&r=g\",\"caption\":\"Ulla Henriksen\"}}]}<\/script>\n<!-- \/ Yoast SEO plugin. -->","yoast_head_json":{"title":"Hur kan vi minska koldioxidutsl\u00e4ppen i v\u00e5ra st\u00e4der? - Voyagerr Demand Response","robots":{"index":"index","follow":"follow","max-snippet":"max-snippet:-1","max-image-preview":"max-image-preview:large","max-video-preview":"max-video-preview:-1"},"canonical":"https:\/\/voyagerr.com\/sv\/hur-kan-vi-minska-koldioxidutslappen-i-vara-stader\/","og_locale":"sv_SE","og_type":"article","og_title":"Hur kan vi minska koldioxidutsl\u00e4ppen i v\u00e5ra st\u00e4der? - Voyagerr Demand Response","og_url":"https:\/\/voyagerr.com\/sv\/hur-kan-vi-minska-koldioxidutslappen-i-vara-stader\/","og_site_name":"Voyagerr Demand Response","article_published_time":"2024-06-03T11:48:20+00:00","article_modified_time":"2025-03-19T13:48:22+00:00","og_image":[{"width":1200,"height":800,"url":"https:\/\/voyagerr.com\/wp-content\/uploads\/2024\/06\/Rethink_urban_mobility.jpg","type":"image\/jpeg"}],"author":"Ulla Henriksen","twitter_card":"summary_large_image","twitter_misc":{"Skriven av":"Ulla Henriksen","Ber\u00e4knad l\u00e4stid":"14 minuter"},"schema":{"@context":"https:\/\/schema.org","@graph":[{"@type":"Article","@id":"https:\/\/voyagerr.com\/sv\/hur-kan-vi-minska-koldioxidutslappen-i-vara-stader\/#article","isPartOf":{"@id":"https:\/\/voyagerr.com\/sv\/hur-kan-vi-minska-koldioxidutslappen-i-vara-stader\/"},"author":{"name":"Ulla Henriksen","@id":"https:\/\/voyagerr.com\/sv\/#\/schema\/person\/eac0317906adac88f53e32dd06a9809a"},"headline":"Hur kan vi minska koldioxidutsl\u00e4ppen i v\u00e5ra st\u00e4der?","datePublished":"2024-06-03T11:48:20+00:00","dateModified":"2025-03-19T13:48:22+00:00","mainEntityOfPage":{"@id":"https:\/\/voyagerr.com\/sv\/hur-kan-vi-minska-koldioxidutslappen-i-vara-stader\/"},"wordCount":2819,"image":{"@id":"https:\/\/voyagerr.com\/sv\/hur-kan-vi-minska-koldioxidutslappen-i-vara-stader\/#primaryimage"},"thumbnailUrl":"https:\/\/voyagerr.com\/wp-content\/uploads\/2024\/06\/Rethink_urban_mobility.jpg","articleSection":["Artiklar"],"inLanguage":"sv-SE"},{"@type":"WebPage","@id":"https:\/\/voyagerr.com\/sv\/hur-kan-vi-minska-koldioxidutslappen-i-vara-stader\/","url":"https:\/\/voyagerr.com\/sv\/hur-kan-vi-minska-koldioxidutslappen-i-vara-stader\/","name":"Hur kan vi minska koldioxidutsl\u00e4ppen i v\u00e5ra st\u00e4der? - Voyagerr Demand Response","isPartOf":{"@id":"https:\/\/voyagerr.com\/sv\/#website"},"primaryImageOfPage":{"@id":"https:\/\/voyagerr.com\/sv\/hur-kan-vi-minska-koldioxidutslappen-i-vara-stader\/#primaryimage"},"image":{"@id":"https:\/\/voyagerr.com\/sv\/hur-kan-vi-minska-koldioxidutslappen-i-vara-stader\/#primaryimage"},"thumbnailUrl":"https:\/\/voyagerr.com\/wp-content\/uploads\/2024\/06\/Rethink_urban_mobility.jpg","datePublished":"2024-06-03T11:48:20+00:00","dateModified":"2025-03-19T13:48:22+00:00","author":{"@id":"https:\/\/voyagerr.com\/sv\/#\/schema\/person\/eac0317906adac88f53e32dd06a9809a"},"breadcrumb":{"@id":"https:\/\/voyagerr.com\/sv\/hur-kan-vi-minska-koldioxidutslappen-i-vara-stader\/#breadcrumb"},"inLanguage":"sv-SE","potentialAction":[{"@type":"ReadAction","target":["https:\/\/voyagerr.com\/sv\/hur-kan-vi-minska-koldioxidutslappen-i-vara-stader\/"]}]},{"@type":"ImageObject","inLanguage":"sv-SE","@id":"https:\/\/voyagerr.com\/sv\/hur-kan-vi-minska-koldioxidutslappen-i-vara-stader\/#primaryimage","url":"https:\/\/voyagerr.com\/wp-content\/uploads\/2024\/06\/Rethink_urban_mobility.jpg","contentUrl":"https:\/\/voyagerr.com\/wp-content\/uploads\/2024\/06\/Rethink_urban_mobility.jpg","width":1200,"height":800},{"@type":"BreadcrumbList","@id":"https:\/\/voyagerr.com\/sv\/hur-kan-vi-minska-koldioxidutslappen-i-vara-stader\/#breadcrumb","itemListElement":[{"@type":"ListItem","position":1,"name":"Home","item":"https:\/\/voyagerr.com\/sv\/"},{"@type":"ListItem","position":2,"name":"Hur kan vi minska koldioxidutsl\u00e4ppen i v\u00e5ra st\u00e4der?"}]},{"@type":"WebSite","@id":"https:\/\/voyagerr.com\/sv\/#website","url":"https:\/\/voyagerr.com\/sv\/","name":"Voyagerr Demand Response","description":"Making every journey matter","potentialAction":[{"@type":"SearchAction","target":{"@type":"EntryPoint","urlTemplate":"https:\/\/voyagerr.com\/sv\/?s={search_term_string}"},"query-input":{"@type":"PropertyValueSpecification","valueRequired":true,"valueName":"search_term_string"}}],"inLanguage":"sv-SE"},{"@type":"Person","@id":"https:\/\/voyagerr.com\/sv\/#\/schema\/person\/eac0317906adac88f53e32dd06a9809a","name":"Ulla Henriksen","image":{"@type":"ImageObject","inLanguage":"sv-SE","@id":"https:\/\/voyagerr.com\/sv\/#\/schema\/person\/image\/","url":"https:\/\/secure.gravatar.com\/avatar\/73331ae5e15f263f90f638d897d9bd890c8726fbd916b41016493e05238cab37?s=96&d=mm&r=g","contentUrl":"https:\/\/secure.gravatar.com\/avatar\/73331ae5e15f263f90f638d897d9bd890c8726fbd916b41016493e05238cab37?s=96&d=mm&r=g","caption":"Ulla Henriksen"}}]}},"_links":{"self":[{"href":"https:\/\/voyagerr.com\/sv\/wp-json\/wp\/v2\/posts\/17647","targetHints":{"allow":["GET"]}}],"collection":[{"href":"https:\/\/voyagerr.com\/sv\/wp-json\/wp\/v2\/posts"}],"about":[{"href":"https:\/\/voyagerr.com\/sv\/wp-json\/wp\/v2\/types\/post"}],"author":[{"embeddable":true,"href":"https:\/\/voyagerr.com\/sv\/wp-json\/wp\/v2\/users\/2"}],"replies":[{"embeddable":true,"href":"https:\/\/voyagerr.com\/sv\/wp-json\/wp\/v2\/comments?post=17647"}],"version-history":[{"count":2,"href":"https:\/\/voyagerr.com\/sv\/wp-json\/wp\/v2\/posts\/17647\/revisions"}],"predecessor-version":[{"id":17649,"href":"https:\/\/voyagerr.com\/sv\/wp-json\/wp\/v2\/posts\/17647\/revisions\/17649"}],"wp:featuredmedia":[{"embeddable":true,"href":"https:\/\/voyagerr.com\/sv\/wp-json\/wp\/v2\/media\/16387"}],"wp:attachment":[{"href":"https:\/\/voyagerr.com\/sv\/wp-json\/wp\/v2\/media?parent=17647"}],"wp:term":[{"taxonomy":"category","embeddable":true,"href":"https:\/\/voyagerr.com\/sv\/wp-json\/wp\/v2\/categories?post=17647"},{"taxonomy":"post_tag","embeddable":true,"href":"https:\/\/voyagerr.com\/sv\/wp-json\/wp\/v2\/tags?post=17647"}],"curies":[{"name":"wp","href":"https:\/\/api.w.org\/{rel}","templated":true}]}}